{"id":460,"date":"2020-09-18T18:32:22","date_gmt":"2020-09-18T16:32:22","guid":{"rendered":"http:\/\/www.quarterforfear.de\/?p=460"},"modified":"2020-09-18T22:00:01","modified_gmt":"2020-09-18T20:00:01","slug":"meilenstein-25-09-2020","status":"publish","type":"post","link":"https:\/\/www.orage-band.de\/?p=460","title":{"rendered":"Meilenstein: 25.09.2020"},"content":{"rendered":"<p><img loading=\"lazy\" decoding=\"async\" class=\"alignright wp-image-461\" src=\"http:\/\/www.quarterforfear.de\/wp-content\/uploads\/2020\/09\/D814740-684x1024.jpg\" alt=\"\" width=\"400\" height=\"599\" srcset=\"https:\/\/www.orage-band.de\/wp-content\/uploads\/2020\/09\/D814740-684x1024.jpg 684w, https:\/\/www.orage-band.de\/wp-content\/uploads\/2020\/09\/D814740-200x300.jpg 200w, https:\/\/www.orage-band.de\/wp-content\/uploads\/2020\/09\/D814740-768x1150.jpg 768w, https:\/\/www.orage-band.de\/wp-content\/uploads\/2020\/09\/D814740.jpg 1709w\" sizes=\"(max-width: 400px) 100vw, 400px\" \/>Es ist so weit! Viertel vor vier, nach vier, vor f\u00fcnf<span class=\"hiddenGrammarError\"> &#8211; <\/span>v\u00f6llig egal. Wir sind froh und unfassbar Stolz euch am 25.09.2020 unser neues, erstes Album pr\u00e4sentieren zu k\u00f6nnen. Nach all der Arbeit, aber auch Freuden, die wir mit dieser Aufgabe hatten, freut es uns noch mehr endlich die fertigen Exemplare der gepressten <span class=\"hiddenGrammarError\">CD\u00b4s<\/span> in den H\u00e4nden zu halten. Sicherlich ist dieses antiquierte Medium mittlerweile in den Hintergrund geraten, aber dennoch wollten wir uns es nicht nehmen lassen, als Kinder der Geburtsstunde der <span class=\"hiddenGrammarError\">&#8220;<\/span>Compact Disc<span class=\"hiddenGrammarError\">&#8220;<\/span>, unser Album auch auf dieser zu ver\u00f6ffentlichen. Gewiss werden wir auch auf allen Streamingplattformen wie Spotify, Amazon <span class=\"hiddenSpellError\">Music<\/span>, Apple <span class=\"hiddenSpellError\">Music<\/span> etc. am <span class=\"hiddenGrammarError\">25.09.2020<\/span> verf\u00fcgbar sein, jedoch <span class=\"hiddenGrammarError\">macht es um<\/span> einiges mehr Freude die geballten digitalisierten Ausg\u00fcsse unseres musikalischen Meilensteins in den CD-Spieler zu schieben. Ein tolles Gef\u00fchl.<\/p>\n<p>Leider ergab sich aufgrund der aktuellen Situation nicht die M\u00f6glichkeit am 25.09. beim <span class=\"hiddenSpellError\">Metal<\/span> <span class=\"hiddenSpellError\">for<\/span> <span class=\"hiddenSpellError\">Mercy<\/span> aufzutreten um unser <span class=\"hiddenSpellError\">Albumrelease<\/span> zu unterst\u00fctzen, jedoch werden wir ein <span class=\"hiddenGrammarError\">&#8220;<\/span>internes<span class=\"hiddenGrammarError\">&#8220;<\/span> <span class=\"hiddenGrammarError\">&#8220;<\/span>Konzert<span class=\"hiddenGrammarError\">&#8220;<\/span> geben und beim Abspielen der CD ein paar W\u00fcrstchen und vegane alternativen auf den Grill werfen (Seien uns die Wetterg\u00f6tter gn\u00e4dig!). Denn das muss gefeiert werden, nicht nur bei uns, sondern auch bei euch.<\/p>\n<p>Eine Audio-CD Version k\u00f6nnt ihr bei uns \u00fcber das Kontaktformular, bei Facebook oder Instagram erwerben. Die ersten 50 K\u00e4ufer werden mit ein paar Extras belohnt. Per Post sind 7 Euro, bei privater \u00dcbergabe (Bestimmt kennt ihr den ein oder anderen von uns pers\u00f6nlich) 5 Euro f\u00e4llig. Alternativ nat\u00fcrlich auch online zu h\u00f6ren<span class=\"hiddenGrammarError\">&#8230;<\/span> aber da ist es bei weitem nicht so sch\u00f6n und nostalgisch.<\/p>\n<p>Wir freuen uns sehr auf das kommende Jahr, in dem wir hoffentlich wieder ganz normal auftreten k\u00f6nnen. Vielleicht gibt es bis dahin auch schon das ein oder andere Schmankerl<span class=\"hiddenGrammarError\">&#8230;<\/span> denn das 2. Album ist bereits in Arbeit! Aufgepasst und bleibt gespannt!<\/p>\n","protected":false},"excerpt":{"rendered":"<p>Es ist so weit! Viertel vor vier, nach vier, vor f\u00fcnf &#8211; v\u00f6llig egal. Wir sind froh und unfassbar Stolz euch am 25.09.2020 unser neues, erstes Album pr\u00e4sentieren zu k\u00f6nnen. Nach all der Arbeit, aber auch Freuden, die wir mit dieser Aufgabe hatten, freut es uns noch mehr endlich die fertigen Exemplare der gepressten CD\u00b4s [&hellip;]<\/p>\n","protected":false},"author":1,"featured_media":461,"comment_status":"closed","ping_status":"closed","sticky":false,"template":"","format":"standard","meta":{"ngg_post_thumbnail":0,"footnotes":""},"categories":[1],"tags":[],"jetpack_featured_media_url":"https:\/\/www.orage-band.de\/wp-content\/uploads\/2020\/09\/D814740.jpg","_links":{"self":[{"href":"https:\/\/www.orage-band.de\/index.php?rest_route=\/wp\/v2\/posts\/460"}],"collection":[{"href":"https:\/\/www.orage-band.de\/index.php?rest_route=\/wp\/v2\/posts"}],"about":[{"href":"https:\/\/www.orage-band.de\/index.php?rest_route=\/wp\/v2\/types\/post"}],"author":[{"embeddable":true,"href":"https:\/\/www.orage-band.de\/index.php?rest_route=\/wp\/v2\/users\/1"}],"replies":[{"embeddable":true,"href":"https:\/\/www.orage-band.de\/index.php?rest_route=%2Fwp%2Fv2%2Fcomments&post=460"}],"version-history":[{"count":4,"href":"https:\/\/www.orage-band.de\/index.php?rest_route=\/wp\/v2\/posts\/460\/revisions"}],"predecessor-version":[{"id":465,"href":"https:\/\/www.orage-band.de\/index.php?rest_route=\/wp\/v2\/posts\/460\/revisions\/465"}],"wp:featuredmedia":[{"embeddable":true,"href":"https:\/\/www.orage-band.de\/index.php?rest_route=\/wp\/v2\/media\/461"}],"wp:attachment":[{"href":"https:\/\/www.orage-band.de\/index.php?rest_route=%2Fwp%2Fv2%2Fmedia&parent=460"}],"wp:term":[{"taxonomy":"category","embeddable":true,"href":"https:\/\/www.orage-band.de\/index.php?rest_route=%2Fwp%2Fv2%2Fcategories&post=460"},{"taxonomy":"post_tag","embeddable":true,"href":"https:\/\/www.orage-band.de\/index.php?rest_route=%2Fwp%2Fv2%2Ftags&post=460"}],"curies":[{"name":"wp","href":"https:\/\/api.w.org\/{rel}","templated":true}]}}