{"id":1335,"date":"2025-10-15T14:42:43","date_gmt":"2025-10-15T12:42:43","guid":{"rendered":"https:\/\/www.orage-band.de\/?p=1335"},"modified":"2025-10-15T14:42:59","modified_gmt":"2025-10-15T12:42:59","slug":"jubilaeum-steht-vor-der-tuer-das-feiern-wir","status":"publish","type":"post","link":"https:\/\/www.orage-band.de\/?p=1335","title":{"rendered":"Jubil\u00e4um steht vor der T\u00fcr. Das feiern wir!"},"content":{"rendered":"\n<p>Am 1. November 2015 haben wir unseren Proberaum in Wattenscheid bezogen und damit den Grundstein der Band gelegt. 10 Jahre sind nun vergangen. Damit hatten wir so nicht gerechnet. Umso mehr freuen wir uns und wollen das nat\u00fcrlich entsprechend feiern. Das tun wir auch! Zusammen mit Custard und Healer spielen wir eine dicke Headline Show in der Helvete in Oberhausen. Tickets gibt es \u00fcber die Bands (schreibt uns einfach \u00fcber die \u00fcblichen Kan\u00e4le an) sowie \u00fcber die Helvete und Eventim.<\/p>\n\n\n\n<p><a href=\"https:\/\/www.eventim.de\/artist\/orage\/?affiliate=GMD\">https:\/\/www.eventim.de\/artist\/orage\/?affiliate=GMD<\/a><\/p>\n\n\n\n<p><\/p>\n\n\n\n<figure class=\"wp-block-image size-large\"><img loading=\"lazy\" decoding=\"async\" width=\"724\" height=\"1024\" src=\"https:\/\/www.orage-band.de\/wp-content\/uploads\/2025\/10\/Flyer1-neu-724x1024.jpg\" alt=\"\" class=\"wp-image-1336\" srcset=\"https:\/\/www.orage-band.de\/wp-content\/uploads\/2025\/10\/Flyer1-neu-724x1024.jpg 724w, https:\/\/www.orage-band.de\/wp-content\/uploads\/2025\/10\/Flyer1-neu-212x300.jpg 212w, https:\/\/www.orage-band.de\/wp-content\/uploads\/2025\/10\/Flyer1-neu-768x1086.jpg 768w, https:\/\/www.orage-band.de\/wp-content\/uploads\/2025\/10\/Flyer1-neu-1086x1536.jpg 1086w, https:\/\/www.orage-band.de\/wp-content\/uploads\/2025\/10\/Flyer1-neu-1448x2048.jpg 1448w, https:\/\/www.orage-band.de\/wp-content\/uploads\/2025\/10\/Flyer1-neu-scaled.jpg 1810w\" sizes=\"(max-width: 724px) 100vw, 724px\" \/><\/figure>\n","protected":false},"excerpt":{"rendered":"<p>Am 1. November 2015 haben wir unseren Proberaum in Wattenscheid bezogen und damit den Grundstein der Band gelegt. 10 Jahre sind nun vergangen. Damit hatten wir so nicht gerechnet. Umso mehr freuen wir uns und wollen das nat\u00fcrlich entsprechend feiern. Das tun wir auch! Zusammen mit Custard und Healer spielen wir eine dicke Headline Show [&hellip;]<\/p>\n","protected":false},"author":1,"featured_media":1336,"comment_status":"closed","ping_status":"closed","sticky":false,"template":"","format":"standard","meta":{"ngg_post_thumbnail":0,"footnotes":""},"categories":[1],"tags":[],"jetpack_featured_media_url":"https:\/\/www.orage-band.de\/wp-content\/uploads\/2025\/10\/Flyer1-neu-scaled.jpg","_links":{"self":[{"href":"https:\/\/www.orage-band.de\/index.php?rest_route=\/wp\/v2\/posts\/1335"}],"collection":[{"href":"https:\/\/www.orage-band.de\/index.php?rest_route=\/wp\/v2\/posts"}],"about":[{"href":"https:\/\/www.orage-band.de\/index.php?rest_route=\/wp\/v2\/types\/post"}],"author":[{"embeddable":true,"href":"https:\/\/www.orage-band.de\/index.php?rest_route=\/wp\/v2\/users\/1"}],"replies":[{"embeddable":true,"href":"https:\/\/www.orage-band.de\/index.php?rest_route=%2Fwp%2Fv2%2Fcomments&post=1335"}],"version-history":[{"count":2,"href":"https:\/\/www.orage-band.de\/index.php?rest_route=\/wp\/v2\/posts\/1335\/revisions"}],"predecessor-version":[{"id":1339,"href":"https:\/\/www.orage-band.de\/index.php?rest_route=\/wp\/v2\/posts\/1335\/revisions\/1339"}],"wp:featuredmedia":[{"embeddable":true,"href":"https:\/\/www.orage-band.de\/index.php?rest_route=\/wp\/v2\/media\/1336"}],"wp:attachment":[{"href":"https:\/\/www.orage-band.de\/index.php?rest_route=%2Fwp%2Fv2%2Fmedia&parent=1335"}],"wp:term":[{"taxonomy":"category","embeddable":true,"href":"https:\/\/www.orage-band.de\/index.php?rest_route=%2Fwp%2Fv2%2Fcategories&post=1335"},{"taxonomy":"post_tag","embeddable":true,"href":"https:\/\/www.orage-band.de\/index.php?rest_route=%2Fwp%2Fv2%2Ftags&post=1335"}],"curies":[{"name":"wp","href":"https:\/\/api.w.org\/{rel}","templated":true}]}}